{"id":2349,"date":"2026-08-26T15:23:32","date_gmt":"2026-08-26T15:23:32","guid":{"rendered":"https:\/\/arms-szczecin.eu\/?p=2349"},"modified":"2026-08-31T08:29:46","modified_gmt":"2026-08-31T08:29:46","slug":"laureaci-zrobione-w-szczecinie-2025-mal-art-i-malarskie-pamiatki-izabeli-staskiewicz","status":"publish","type":"post","link":"https:\/\/arms-szczecin.eu\/en\/laureaci-zrobione-w-szczecinie-2025-mal-art-i-malarskie-pamiatki-izabeli-staskiewicz\/","title":{"rendered":"Laureaci Zrobione w Szczecinie 2025: Mal-Art i malarskie pami\u0105tki Izabeli Sta\u015bkiewicz"},"content":{"rendered":"<p><strong>Szczeci\u0144skie Wa\u0142y Chrobrego, \u0141asztownia, d\u017awigozaury czy Nowa Marina \u2013 charakterystyczne miejsca miasta mo\u017cna dzi\u015b zabra\u0107 ze sob\u0105 w niewielkim, r\u0119cznie malowanym formacie. Izabela Ewa Sta\u015bkiewicz przenosi szczeci\u0144skie motywy na drewniane magnesy, tworz\u0105c wyj\u0105tkowe pami\u0105tki z miasta.<\/strong><\/p>\n<p>Izabela Ewa Sta\u015bkiewicz z malarstwem zwi\u0105zana jest od dekad. Szczeci\u0144ska artystka uko\u0144czy\u0142a Wydzia\u0142 Architektury Politechniki Szczeci\u0144skiej, a od pocz\u0105tku swojej artystycznej drogi pozostaje wierna technice olejnej. Jej charakterystyczny styl opiera si\u0119 na wyrazistej, mi\u0119sistej fakturze impasto i mocnych, nasyconych kolorach. W centrum jej tw\u00f3rczo\u015bci cz\u0119sto znajduje si\u0119 Szczecin \u2013 zar\u00f3wno ten wsp\u00f3\u0142czesny, jak i zapisany na kartach historii. Od pewnego czasu du\u017ce p\u0142\u00f3tna ust\u0119puj\u0105 miejsca znacznie mniejszym formatom. Artystka zacz\u0119\u0142a tworzy\u0107 miniatury olejne na drewnianych podk\u0142adach, kt\u00f3re zamieni\u0142a w magnesy. Pomys\u0142 okaza\u0142 si\u0119 strza\u0142em w dziesi\u0105tk\u0119. Pocz\u0105tkowo powstawa\u0142y przede wszystkim dla rodziny i znajomych, jednak zainteresowanie sprawi\u0142o, \u017ce miniaturowe obrazy zacz\u0119\u0142y trafia\u0107 do szerszego grona odbiorc\u00f3w.<\/p>\n<blockquote>\n<p><em>Pocz\u0105tkowo zrobi\u0142am to dla rodziny i przyjaci\u00f3\u0142, \u017ceby spr\u00f3bowa\u0107. Tak si\u0119 spodoba\u0142o, \u017ce zacz\u0119\u0142am robi\u0107 to na wi\u0119ksz\u0105 skal\u0119.<\/em> \u2013 m\u00f3wi <strong>Izabela Ewa Sta\u015bkiewicz.<\/strong><\/p>\n<\/blockquote>\n<p>Ka\u017cdy z magnes\u00f3w jest niewielkim, r\u0119cznie wykonanym obrazem. W\u015br\u00f3d szczeci\u0144skich motyw\u00f3w szczeg\u00f3ln\u0105 popularno\u015bci\u0105 ciesz\u0105 si\u0119 dzi\u015b d\u017awigozaury i \u0141asztownia. Na miniaturowych p\u0142\u00f3tnach pojawiaj\u0105 si\u0119 tak\u017ce Wa\u0142y Chrobrego, Nowa Marina czy Muzeum Morskie. Artystka coraz cz\u0119\u015bciej si\u0119ga r\u00f3wnie\u017c po tematyk\u0119 marynistyczn\u0105, a jej prace trafiaj\u0105 nie tylko do mieszka\u0144c\u00f3w i turyst\u00f3w odwiedzaj\u0105cych Szczecin, ale tak\u017ce za granic\u0119. Miniatury maj\u0105 dwa wymiary \u2013 10 \u00d7 8 cm oraz 9 \u00d7 9 cm. Niewielki format sprawia, \u017ce mog\u0105 by\u0107 zar\u00f3wno pami\u0105tk\u0105, jak i oryginalnym prezentem. Co wa\u017cne, nie s\u0105 produktem masowym \u2013 ka\u017cdy magnes powstaje r\u0119cznie i zachowuje charakter malarskiego orygina\u0142u.<\/p>\n<p><iframe src=\"\/\/www.youtube.com\/embed\/Az__fMseMDc?t\" width=\"720\" height=\"404\" allowfullscreen=\"allowfullscreen\"><\/iframe><\/p>\n<p>Szczecin od lat pozostaje jednym z najwa\u017cniejszych temat\u00f3w tw\u00f3rczo\u015bci artystki. W jej dorobku znajduj\u0105 si\u0119 cykle po\u015bwi\u0119cone miastu, jego architekturze i przemianom. Obok nich s\u0105 obrazy inspirowane podr\u00f3\u017cami, pejza\u017cami, morzem i odleg\u0142ymi zak\u0105tkami \u015bwiata. Jej prace prezentowane by\u0142y na licznych wystawach indywidualnych i zbiorowych, a obrazy trafi\u0142y do kolekcji na r\u00f3\u017cnych kontynentach. Dzi\u015b malarskie magnesy mo\u017cna znale\u017a\u0107 w r\u00f3\u017cnych punktach Szczecina, m.in. w sklepach i kawiarniach. Dzi\u0119ki temu ma\u0142e dzie\u0142a sztuki wychodz\u0105 poza pracowni\u0119 i staj\u0105 si\u0119 cz\u0119\u015bci\u0105 codziennego \u017cycia miasta \u2013 a przy okazji mog\u0105 ruszy\u0107 w \u015bwiat jako szczeci\u0144ska pami\u0105tka.<\/p>\n<p><strong>Certyfikat \u201eZrobione w Szczecinie\u201d, koordynowany przez Agencj\u0119 Rozwoju Metropolii Szczeci\u0144skiej, <\/strong>funkcjonuje od 2018 roku i sta\u0142 si\u0119 jednym z najbardziej rozpoznawalnych lokalnych wyr\u00f3\u017cnie\u0144. Od pocz\u0105tku trwania projektu o certyfikat ubiega\u0142o si\u0119 ju\u017c ponad 400 firm. To wyr\u00f3\u017cnienie okre\u015blane jest jako symbol lokalnej dumy \u2013 nie wi\u0105\u017ce si\u0119 z gratyfikacjami finansowymi, lecz ma ogromne znaczenie wizerunkowe, wp\u0142ywaj\u0105c na rozpoznawalno\u015b\u0107 marek i podkre\u015blaj\u0105c ich zwi\u0105zek ze Szczecinem.<\/p>\n<p><a href=\"https:\/\/zrobione.szczecin.eu\/\" target=\"_blank\" rel=\"noopener noreferrer nofollow\">zrobione.szczecin.eu<\/a><\/p>\n","protected":false},"excerpt":{"rendered":"<p>Szczeci\u0144skie Wa\u0142y Chrobrego, \u0141asztownia, d\u017awigozaury czy Nowa Marina \u2013 charakterystyczne miejsca miasta mo\u017cna dzi\u015b zabra\u0107 ze sob\u0105 w niewielkim, r\u0119cznie malowanym formacie. Izabela Ewa Sta\u015bkiewicz przenosi szczeci\u0144skie motywy na drewniane magnesy, tworz\u0105c wyj\u0105tkowe pami\u0105tki z miasta. Izabela Ewa Sta\u015bkiewicz z malarstwem zwi\u0105zana jest od dekad. Szczeci\u0144ska artystka uko\u0144czy\u0142a Wydzia\u0142 Architektury Politechniki Szczeci\u0144skiej, a od pocz\u0105tku<a class=\"excerpt-read-more\" href=\"https:\/\/arms-szczecin.eu\/en\/laureaci-zrobione-w-szczecinie-2025-mal-art-i-malarskie-pamiatki-izabeli-staskiewicz\/\" title=\"ReadLaureaci Zrobione w Szczecinie 2025: Mal-Art i malarskie pami\u0105tki Izabeli Sta\u015bkiewicz\">&#8230; Read more &raquo;<\/a><\/p>\n","protected":false},"author":6,"featured_media":2350,"comment_status":"closed","ping_status":"closed","sticky":false,"template":"","format":"standard","meta":{"pgc_sgb_lightbox_settings":"","footnotes":""},"categories":[1],"tags":[],"class_list":["post-2349","post","type-post","status-publish","format-standard","has-post-thumbnail","hentry","category-bez-kategorii"],"_links":{"self":[{"href":"https:\/\/arms-szczecin.eu\/en\/wp-json\/wp\/v2\/posts\/2349","targetHints":{"allow":["GET"]}}],"collection":[{"href":"https:\/\/arms-szczecin.eu\/en\/wp-json\/wp\/v2\/posts"}],"about":[{"href":"https:\/\/arms-szczecin.eu\/en\/wp-json\/wp\/v2\/types\/post"}],"author":[{"embeddable":true,"href":"https:\/\/arms-szczecin.eu\/en\/wp-json\/wp\/v2\/users\/6"}],"replies":[{"embeddable":true,"href":"https:\/\/arms-szczecin.eu\/en\/wp-json\/wp\/v2\/comments?post=2349"}],"version-history":[{"count":2,"href":"https:\/\/arms-szczecin.eu\/en\/wp-json\/wp\/v2\/posts\/2349\/revisions"}],"predecessor-version":[{"id":2353,"href":"https:\/\/arms-szczecin.eu\/en\/wp-json\/wp\/v2\/posts\/2349\/revisions\/2353"}],"wp:featuredmedia":[{"embeddable":true,"href":"https:\/\/arms-szczecin.eu\/en\/wp-json\/wp\/v2\/media\/2350"}],"wp:attachment":[{"href":"https:\/\/arms-szczecin.eu\/en\/wp-json\/wp\/v2\/media?parent=2349"}],"wp:term":[{"taxonomy":"category","embeddable":true,"href":"https:\/\/arms-szczecin.eu\/en\/wp-json\/wp\/v2\/categories?post=2349"},{"taxonomy":"post_tag","embeddable":true,"href":"https:\/\/arms-szczecin.eu\/en\/wp-json\/wp\/v2\/tags?post=2349"}],"curies":[{"name":"wp","href":"https:\/\/api.w.org\/{rel}","templated":true}]}}